{"id":43243,"date":"2026-08-31T10:24:00","date_gmt":"2026-08-31T13:24:00","guid":{"rendered":"https:\/\/cajamar.sp.gov.br\/noticias\/?p=43243"},"modified":"2026-09-01T09:28:27","modified_gmt":"2026-09-01T12:28:27","slug":"cajamar-abre-inscricoes-para-novos-editais-de-premiacao-com-recursos-remanescentes-da-lei-aldir-blanc","status":"publish","type":"post","link":"https:\/\/cajamar.sp.gov.br\/noticias\/2026\/08\/31\/cajamar-abre-inscricoes-para-novos-editais-de-premiacao-com-recursos-remanescentes-da-lei-aldir-blanc\/","title":{"rendered":"Cajamar abre inscri\u00e7\u00f5es para novos editais de premia\u00e7\u00e3o com recursos remanescentes da Lei Aldir Blanc"},"content":{"rendered":"\n<figure class=\"wp-block-image size-large\"><img fetchpriority=\"high\" decoding=\"async\" width=\"1280\" height=\"668\" src=\"https:\/\/cajamar.sp.gov.br\/noticias\/wp-content\/uploads\/sites\/2\/2026\/09\/chatgpt-image-1-de-set-de-2026-09_18_14-1280x668.png\" alt=\"\" class=\"wp-image-43244\" srcset=\"https:\/\/cajamar.sp.gov.br\/noticias\/wp-content\/uploads\/sites\/2\/2026\/09\/chatgpt-image-1-de-set-de-2026-09_18_14-1280x668.png 1280w, https:\/\/cajamar.sp.gov.br\/noticias\/wp-content\/uploads\/sites\/2\/2026\/09\/chatgpt-image-1-de-set-de-2026-09_18_14-768x401.png 768w, https:\/\/cajamar.sp.gov.br\/noticias\/wp-content\/uploads\/sites\/2\/2026\/09\/chatgpt-image-1-de-set-de-2026-09_18_14-1536x802.png 1536w, https:\/\/cajamar.sp.gov.br\/noticias\/wp-content\/uploads\/sites\/2\/2026\/09\/chatgpt-image-1-de-set-de-2026-09_18_14.png 1735w\" sizes=\"(max-width: 1280px) 100vw, 1280px\" \/><\/figure>\n\n\n\n<p>A Prefeitura de Cajamar, por meio da Secretaria de Turismo e Cultura, publicou dois novos editais de premia\u00e7\u00e3o que utilizam recursos do saldo remanescente do Ciclo 1 da Pol\u00edtica Nacional Aldir Blanc (PNAB). Os chamamentos s\u00e3o voltados a agentes culturais, entidades e coletivos que desenvolvem atividades culturais no munic\u00edpio.<\/p>\n\n\n\n<p>A destina\u00e7\u00e3o dos recursos foi discutida em audi\u00eancia p\u00fablica realizada em maio de 2026, que contou com a participa\u00e7\u00e3o da sociedade civil e possibilitou o di\u00e1logo com o setor cultural sobre a aplica\u00e7\u00e3o do valor residual. Ao todo, os dois editais destinam mais de R$ 116 mil em premia\u00e7\u00f5es.<\/p>\n\n\n\n<p>O <strong>Chamamento P\u00fablico n\u00ba 01\/2026<\/strong> prev\u00ea a premia\u00e7\u00e3o de <strong>59 agentes culturais<\/strong>, com o valor de <strong>R$ 1.500 para cada selecionado<\/strong>, como forma de reconhecimento a profissionais que atuam na produ\u00e7\u00e3o cultural do munic\u00edpio em diferentes linguagens.<\/p>\n\n\n\n<p>J\u00e1 o <strong>Chamamento P\u00fablico n\u00ba 02\/2026<\/strong> \u00e9 destinado \u00e0 premia\u00e7\u00e3o por trajet\u00f3ria de <strong>Pontos e Pont\u00f5es de Cultura<\/strong>. O edital disponibiliza <strong>mais de R$ 28 mil<\/strong>, que ser\u00e3o distribu\u00eddos entre <strong>seis entidades e\/ou coletivos<\/strong>, valorizando organiza\u00e7\u00f5es com atua\u00e7\u00e3o cont\u00ednua no desenvolvimento e na promo\u00e7\u00e3o da cultura.<\/p>\n\n\n\n<p>As inscri\u00e7\u00f5es poder\u00e3o ser realizadas <strong>presencialmente de 24 de agosto a 18 de setembro de 2026<\/strong>, das <strong>8h30 \u00e0s 16h30<\/strong>, no <strong>Centro Cultural do Polvilho<\/strong>, localizado na Rua Jean Anastace Kovellis, n\u00ba 1835.<\/p>\n\n\n\n<p>Os editais completos, com regras, crit\u00e9rios, documenta\u00e7\u00e3o necess\u00e1ria e demais orienta\u00e7\u00f5es, est\u00e3o dispon\u00edveis na p\u00e1gina da Secretaria de Turismo e Cultura no site da Prefeitura de Cajamar.<\/p>\n\n\n\n<p><strong>Confira os editais:<\/strong> <a href=\"http:\/\/cajamar.sp.gov.br\/turismo\/editais-2\/?utm_source=chatgpt.com\">Editais da Secretaria de Turismo e Cultura<\/a><\/p>\n\n\n\n<p>Em caso de d\u00favidas, o Departamento de Promo\u00e7\u00e3o Cultural atende pelo telefone <strong>(11) 4446-0083<\/strong> ou pelo e-mail <a href=\"mailto:pnab@cajamar.sp.gov.br\"><strong>pnab@cajamar.sp.gov.br<\/strong><\/a>.<\/p>\n\n\n\n<p>A Prefeitura orienta os interessados a consultar atentamente os editais antes de realizar a inscri\u00e7\u00e3o e a observar os prazos e documentos exigidos para participa\u00e7\u00e3o.<\/p>\n","protected":false},"excerpt":{"rendered":"<p>Chamamentos p\u00fablicos destinam mais de R$ 116 mil a agentes culturais, entidades e coletivos do munic\u00edpio<\/p>\n","protected":false},"author":11,"featured_media":0,"comment_status":"closed","ping_status":"closed","sticky":true,"template":"","format":"standard","meta":{"footnotes":""},"categories":[12,1,1429],"tags":[],"posicao":[28],"class_list":["post-43243","post","type-post","status-publish","format-standard","hentry","category-cultura","category-noticias","category-turismo","posicao-destaque"],"_links":{"self":[{"href":"https:\/\/cajamar.sp.gov.br\/noticias\/wp-json\/wp\/v2\/posts\/43243","targetHints":{"allow":["GET"]}}],"collection":[{"href":"https:\/\/cajamar.sp.gov.br\/noticias\/wp-json\/wp\/v2\/posts"}],"about":[{"href":"https:\/\/cajamar.sp.gov.br\/noticias\/wp-json\/wp\/v2\/types\/post"}],"author":[{"embeddable":true,"href":"https:\/\/cajamar.sp.gov.br\/noticias\/wp-json\/wp\/v2\/users\/11"}],"replies":[{"embeddable":true,"href":"https:\/\/cajamar.sp.gov.br\/noticias\/wp-json\/wp\/v2\/comments?post=43243"}],"version-history":[{"count":1,"href":"https:\/\/cajamar.sp.gov.br\/noticias\/wp-json\/wp\/v2\/posts\/43243\/revisions"}],"predecessor-version":[{"id":43245,"href":"https:\/\/cajamar.sp.gov.br\/noticias\/wp-json\/wp\/v2\/posts\/43243\/revisions\/43245"}],"wp:attachment":[{"href":"https:\/\/cajamar.sp.gov.br\/noticias\/wp-json\/wp\/v2\/media?parent=43243"}],"wp:term":[{"taxonomy":"category","embeddable":true,"href":"https:\/\/cajamar.sp.gov.br\/noticias\/wp-json\/wp\/v2\/categories?post=43243"},{"taxonomy":"post_tag","embeddable":true,"href":"https:\/\/cajamar.sp.gov.br\/noticias\/wp-json\/wp\/v2\/tags?post=43243"},{"taxonomy":"posicao","embeddable":true,"href":"https:\/\/cajamar.sp.gov.br\/noticias\/wp-json\/wp\/v2\/posicao?post=43243"}],"curies":[{"name":"wp","href":"https:\/\/api.w.org\/{rel}","templated":true}]}}