{"id":43246,"date":"2026-09-01T09:00:14","date_gmt":"2026-09-01T12:00:14","guid":{"rendered":"https:\/\/cajamar.sp.gov.br\/noticias\/?p=43246"},"modified":"2026-09-01T13:43:13","modified_gmt":"2026-09-01T16:43:13","slug":"setembro-amarelo-cajamar-promove-campanha-de-conscientizacao-e-prevencao-ao-suicidio","status":"publish","type":"post","link":"https:\/\/cajamar.sp.gov.br\/noticias\/2026\/09\/01\/setembro-amarelo-cajamar-promove-campanha-de-conscientizacao-e-prevencao-ao-suicidio\/","title":{"rendered":"Setembro Amarelo: Cajamar promove campanha de conscientiza\u00e7\u00e3o e preven\u00e7\u00e3o ao suic\u00eddio"},"content":{"rendered":"\n<figure class=\"wp-block-image size-large\"><img fetchpriority=\"high\" decoding=\"async\" width=\"1280\" height=\"668\" src=\"https:\/\/cajamar.sp.gov.br\/noticias\/wp-content\/uploads\/sites\/2\/2026\/09\/chatgpt-image-1-de-set-de-2026-11_20_52-1280x668.png\" alt=\"\" class=\"wp-image-43247\" srcset=\"https:\/\/cajamar.sp.gov.br\/noticias\/wp-content\/uploads\/sites\/2\/2026\/09\/chatgpt-image-1-de-set-de-2026-11_20_52-1280x668.png 1280w, https:\/\/cajamar.sp.gov.br\/noticias\/wp-content\/uploads\/sites\/2\/2026\/09\/chatgpt-image-1-de-set-de-2026-11_20_52-768x401.png 768w, https:\/\/cajamar.sp.gov.br\/noticias\/wp-content\/uploads\/sites\/2\/2026\/09\/chatgpt-image-1-de-set-de-2026-11_20_52-1536x802.png 1536w, https:\/\/cajamar.sp.gov.br\/noticias\/wp-content\/uploads\/sites\/2\/2026\/09\/chatgpt-image-1-de-set-de-2026-11_20_52.png 1735w\" sizes=\"(max-width: 1280px) 100vw, 1280px\" \/><\/figure>\n\n\n\n<p>Durante o m\u00eas de setembro, a Prefeitura de Cajamar, por meio das Secretarias Municipais de Desenvolvimento Social e de Sa\u00fade, promove a campanha Setembro Amarelo, iniciativa dedicada \u00e0 conscientiza\u00e7\u00e3o e \u00e0 preven\u00e7\u00e3o do suic\u00eddio. A a\u00e7\u00e3o busca ampliar o di\u00e1logo sobre sa\u00fade emocional, incentivar a escuta e orientar a popula\u00e7\u00e3o sobre a import\u00e2ncia de procurar ajuda diante de situa\u00e7\u00f5es de sofrimento.<\/p>\n\n\n\n<p>A campanha tamb\u00e9m chama a aten\u00e7\u00e3o para sinais que podem indicar que uma pessoa est\u00e1 passando por um momento dif\u00edcil, como mudan\u00e7as repentinas de comportamento, isolamento, perda de interesse por atividades habituais e falas relacionadas \u00e0 desesperan\u00e7a ou \u00e0 falta de perspectiva. Nesses casos, oferecer escuta sem julgamentos e incentivar a busca por apoio profissional pode fazer a diferen\u00e7a.<\/p>\n\n\n\n<p>Falar sobre sentimentos e pedir ajuda \u00e9 um ato de cuidado. Quem estiver enfrentando um momento de sofrimento emocional pode procurar pessoas de confian\u00e7a e os servi\u00e7os da rede municipal. Familiares e amigos tamb\u00e9m podem contribuir oferecendo acolhimento, aten\u00e7\u00e3o e apoio para que a pessoa n\u00e3o enfrente esse momento sozinha.<\/p>\n\n\n\n<h3 class=\"wp-block-heading\">Onde buscar ajuda<\/h3>\n\n\n\n<p>Em Cajamar, quem precisar de apoio pode procurar os servi\u00e7os da rede municipal de atendimento. O <strong>CAPS \u2013 Centro de Aten\u00e7\u00e3o Psicossocial Adulto<\/strong> atende pelo telefone <strong>(11) 4446-0122<\/strong>, enquanto o <strong>CAPS \u2013 Centro de Aten\u00e7\u00e3o Psicossocial Infantojuvenil<\/strong> atende pelo telefone <strong>(11) 4446-0121<\/strong>.<\/p>\n\n\n\n<p>Tamb\u00e9m \u00e9 poss\u00edvel buscar atendimento pelo <strong>CVV (Centro de Valoriza\u00e7\u00e3o da Vida), pelo telefone 188<\/strong>, com atendimento gratuito e 24 horas por dia. Em situa\u00e7\u00f5es de emerg\u00eancia ou risco imediato, a orienta\u00e7\u00e3o \u00e9 procurar uma <strong>UPA ou o Hospital Municipal<\/strong>.<\/p>\n\n\n\n<p>A preven\u00e7\u00e3o acontece durante todo o ano. Neste Setembro Amarelo, a Prefeitura de Cajamar amplia essa conversa e incentiva a constru\u00e7\u00e3o de uma rede de cuidado, na qual cada pessoa possa se sentir ouvida, acolhida e orientada a buscar ajuda quando necess\u00e1rio.<\/p>\n","protected":false},"excerpt":{"rendered":"<p>A\u00e7\u00e3o conjunta das Secretarias de Desenvolvimento Social e Sa\u00fade destaca a import\u00e2ncia da escuta, do acolhimento e da busca por ajuda<\/p>\n","protected":false},"author":11,"featured_media":0,"comment_status":"closed","ping_status":"closed","sticky":true,"template":"","format":"standard","meta":{"footnotes":""},"categories":[1,52,2],"tags":[],"posicao":[28],"class_list":["post-43246","post","type-post","status-publish","format-standard","hentry","category-noticias","category-desenvolvimento-social","category-saude","posicao-destaque"],"_links":{"self":[{"href":"https:\/\/cajamar.sp.gov.br\/noticias\/wp-json\/wp\/v2\/posts\/43246","targetHints":{"allow":["GET"]}}],"collection":[{"href":"https:\/\/cajamar.sp.gov.br\/noticias\/wp-json\/wp\/v2\/posts"}],"about":[{"href":"https:\/\/cajamar.sp.gov.br\/noticias\/wp-json\/wp\/v2\/types\/post"}],"author":[{"embeddable":true,"href":"https:\/\/cajamar.sp.gov.br\/noticias\/wp-json\/wp\/v2\/users\/11"}],"replies":[{"embeddable":true,"href":"https:\/\/cajamar.sp.gov.br\/noticias\/wp-json\/wp\/v2\/comments?post=43246"}],"version-history":[{"count":1,"href":"https:\/\/cajamar.sp.gov.br\/noticias\/wp-json\/wp\/v2\/posts\/43246\/revisions"}],"predecessor-version":[{"id":43248,"href":"https:\/\/cajamar.sp.gov.br\/noticias\/wp-json\/wp\/v2\/posts\/43246\/revisions\/43248"}],"wp:attachment":[{"href":"https:\/\/cajamar.sp.gov.br\/noticias\/wp-json\/wp\/v2\/media?parent=43246"}],"wp:term":[{"taxonomy":"category","embeddable":true,"href":"https:\/\/cajamar.sp.gov.br\/noticias\/wp-json\/wp\/v2\/categories?post=43246"},{"taxonomy":"post_tag","embeddable":true,"href":"https:\/\/cajamar.sp.gov.br\/noticias\/wp-json\/wp\/v2\/tags?post=43246"},{"taxonomy":"posicao","embeddable":true,"href":"https:\/\/cajamar.sp.gov.br\/noticias\/wp-json\/wp\/v2\/posicao?post=43246"}],"curies":[{"name":"wp","href":"https:\/\/api.w.org\/{rel}","templated":true}]}}