{"id":43275,"date":"2026-09-03T09:35:19","date_gmt":"2026-09-03T12:35:19","guid":{"rendered":"https:\/\/cajamar.sp.gov.br\/noticias\/?p=43275"},"modified":"2026-09-03T09:36:05","modified_gmt":"2026-09-03T12:36:05","slug":"feira-do-por-do-sol-acontece-neste-sabado-em-novo-local-na-praca-da-lavrinha","status":"publish","type":"post","link":"https:\/\/cajamar.sp.gov.br\/noticias\/2026\/09\/03\/feira-do-por-do-sol-acontece-neste-sabado-em-novo-local-na-praca-da-lavrinha\/","title":{"rendered":"Feira do P\u00f4r do Sol acontece neste s\u00e1bado em novo local, na Pra\u00e7a da Lavrinha"},"content":{"rendered":"\n<figure class=\"wp-block-image size-large\"><img fetchpriority=\"high\" decoding=\"async\" width=\"1280\" height=\"670\" src=\"https:\/\/cajamar.sp.gov.br\/noticias\/wp-content\/uploads\/sites\/2\/2026\/09\/chatgpt-image-3-de-set-de-2026-09_31_05-1280x670.png\" alt=\"\" class=\"wp-image-43276\" srcset=\"https:\/\/cajamar.sp.gov.br\/noticias\/wp-content\/uploads\/sites\/2\/2026\/09\/chatgpt-image-3-de-set-de-2026-09_31_05-1280x670.png 1280w, https:\/\/cajamar.sp.gov.br\/noticias\/wp-content\/uploads\/sites\/2\/2026\/09\/chatgpt-image-3-de-set-de-2026-09_31_05-768x402.png 768w, https:\/\/cajamar.sp.gov.br\/noticias\/wp-content\/uploads\/sites\/2\/2026\/09\/chatgpt-image-3-de-set-de-2026-09_31_05-1536x803.png 1536w, https:\/\/cajamar.sp.gov.br\/noticias\/wp-content\/uploads\/sites\/2\/2026\/09\/chatgpt-image-3-de-set-de-2026-09_31_05.png 1734w\" sizes=\"(max-width: 1280px) 100vw, 1280px\" \/><\/figure>\n\n\n\n<p>A Feira do P\u00f4r do Sol est\u00e1 de volta neste s\u00e1bado (5), em uma edi\u00e7\u00e3o especial que chega com uma novidade: desta vez, o encontro ser\u00e1 realizado na <strong>Pra\u00e7a da Lavrinha, em Cajamar Centro<\/strong>. A programa\u00e7\u00e3o come\u00e7a \u00e0s 15h e re\u00fane gastronomia, artesanato, m\u00fasica e atividades para diferentes p\u00fablicos.<\/p>\n\n\n\n<p>A partir das 16h, o p\u00fablico poder\u00e1 acompanhar a apresenta\u00e7\u00e3o do <strong>Coral Encanta Cajamar<\/strong>. Na sequ\u00eancia, \u00e0s 18h, a m\u00fasica fica por conta da <strong>banda Lex Rock<\/strong>, que comandar\u00e1 o show ao vivo da noite.<\/p>\n\n\n\n<p>Com uma programa\u00e7\u00e3o pensada para todas as idades, a Feira do P\u00f4r do Sol \u00e9 um ponto de encontro para a popula\u00e7\u00e3o, proporcionando momentos de lazer e conviv\u00eancia, al\u00e9m de valorizar o trabalho dos artes\u00e3os e empreendedores locais. Quem participar poder\u00e1 conhecer e prestigiar os produtos feitos na cidade, experimentar diferentes op\u00e7\u00f5es gastron\u00f4micas e aproveitar uma tarde de boa m\u00fasica.<\/p>\n\n\n\n<p>A escolha da Pra\u00e7a da Lavrinha para esta edi\u00e7\u00e3o tamb\u00e9m contribui para aproximar a popula\u00e7\u00e3o de um espa\u00e7o que faz parte da hist\u00f3ria de Cajamar. O local ganha novas experi\u00eancias e momentos de conviv\u00eancia, mantendo sua import\u00e2ncia como parte da mem\u00f3ria e da identidade do munic\u00edpio.<\/p>\n\n\n\n<p><strong>FEIRA DO P\u00d4R DO SOL<\/strong> \ud83c\udf05<br>\ud83d\udcc5 <strong>05 de setembro (s\u00e1bado)<\/strong><br>\u23f0 <strong>Das 15h \u00e0s 20h<\/strong><br>\ud83d\udccd <strong>Pra\u00e7a da Lavrinha \u2013 Cajamar Centro<\/strong><\/p>\n\n\n\n<p><strong>Programa\u00e7\u00e3o:<\/strong><\/p>\n\n\n\n<p>\ud83d\udd39 15h \u00e0s 20h &#8211; Feira Gastron\u00f4mica e de Artesanato<br>\ud83d\udd39 16h \u2013 Coral Encanta Cajamar<br>\ud83d\udd39 18h \u2013 Show ao vivo com a banda Lex Rock<\/p>\n","protected":false},"excerpt":{"rendered":"<p>Edi\u00e7\u00e3o de setembro ter\u00e1 programa\u00e7\u00e3o para toda a fam\u00edlia, com apresenta\u00e7\u00e3o do Coral Encanta Cajamar e show da banda Lex Rock<\/p>\n","protected":false},"author":11,"featured_media":0,"comment_status":"closed","ping_status":"closed","sticky":true,"template":"","format":"standard","meta":{"footnotes":""},"categories":[12,1,1429],"tags":[],"posicao":[28],"class_list":["post-43275","post","type-post","status-publish","format-standard","hentry","category-cultura","category-noticias","category-turismo","posicao-destaque"],"_links":{"self":[{"href":"https:\/\/cajamar.sp.gov.br\/noticias\/wp-json\/wp\/v2\/posts\/43275","targetHints":{"allow":["GET"]}}],"collection":[{"href":"https:\/\/cajamar.sp.gov.br\/noticias\/wp-json\/wp\/v2\/posts"}],"about":[{"href":"https:\/\/cajamar.sp.gov.br\/noticias\/wp-json\/wp\/v2\/types\/post"}],"author":[{"embeddable":true,"href":"https:\/\/cajamar.sp.gov.br\/noticias\/wp-json\/wp\/v2\/users\/11"}],"replies":[{"embeddable":true,"href":"https:\/\/cajamar.sp.gov.br\/noticias\/wp-json\/wp\/v2\/comments?post=43275"}],"version-history":[{"count":1,"href":"https:\/\/cajamar.sp.gov.br\/noticias\/wp-json\/wp\/v2\/posts\/43275\/revisions"}],"predecessor-version":[{"id":43277,"href":"https:\/\/cajamar.sp.gov.br\/noticias\/wp-json\/wp\/v2\/posts\/43275\/revisions\/43277"}],"wp:attachment":[{"href":"https:\/\/cajamar.sp.gov.br\/noticias\/wp-json\/wp\/v2\/media?parent=43275"}],"wp:term":[{"taxonomy":"category","embeddable":true,"href":"https:\/\/cajamar.sp.gov.br\/noticias\/wp-json\/wp\/v2\/categories?post=43275"},{"taxonomy":"post_tag","embeddable":true,"href":"https:\/\/cajamar.sp.gov.br\/noticias\/wp-json\/wp\/v2\/tags?post=43275"},{"taxonomy":"posicao","embeddable":true,"href":"https:\/\/cajamar.sp.gov.br\/noticias\/wp-json\/wp\/v2\/posicao?post=43275"}],"curies":[{"name":"wp","href":"https:\/\/api.w.org\/{rel}","templated":true}]}}