{"id":43278,"date":"2026-09-03T08:30:00","date_gmt":"2026-09-03T11:30:00","guid":{"rendered":"https:\/\/cajamar.sp.gov.br\/noticias\/?p=43278"},"modified":"2026-09-03T10:17:39","modified_gmt":"2026-09-03T13:17:39","slug":"setembro-verde-promove-conscientizacao-sobre-inclusao-e-direitos-das-pessoas-com-deficiencia-em-cajamar","status":"publish","type":"post","link":"https:\/\/cajamar.sp.gov.br\/noticias\/2026\/09\/03\/setembro-verde-promove-conscientizacao-sobre-inclusao-e-direitos-das-pessoas-com-deficiencia-em-cajamar\/","title":{"rendered":"Setembro Verde promove conscientiza\u00e7\u00e3o sobre inclus\u00e3o e direitos das pessoas com defici\u00eancia em Cajamar"},"content":{"rendered":"\n<figure class=\"wp-block-image size-large\"><img fetchpriority=\"high\" decoding=\"async\" width=\"1280\" height=\"668\" src=\"https:\/\/cajamar.sp.gov.br\/noticias\/wp-content\/uploads\/sites\/2\/2026\/09\/chatgpt-image-3-de-set-de-2026-09_40_48-1280x668.png\" alt=\"\" class=\"wp-image-43280\" srcset=\"https:\/\/cajamar.sp.gov.br\/noticias\/wp-content\/uploads\/sites\/2\/2026\/09\/chatgpt-image-3-de-set-de-2026-09_40_48-1280x668.png 1280w, https:\/\/cajamar.sp.gov.br\/noticias\/wp-content\/uploads\/sites\/2\/2026\/09\/chatgpt-image-3-de-set-de-2026-09_40_48-768x401.png 768w, https:\/\/cajamar.sp.gov.br\/noticias\/wp-content\/uploads\/sites\/2\/2026\/09\/chatgpt-image-3-de-set-de-2026-09_40_48-1536x802.png 1536w, https:\/\/cajamar.sp.gov.br\/noticias\/wp-content\/uploads\/sites\/2\/2026\/09\/chatgpt-image-3-de-set-de-2026-09_40_48.png 1736w\" sizes=\"(max-width: 1280px) 100vw, 1280px\" \/><\/figure>\n\n\n\n<p>Durante o m\u00eas de setembro, Cajamar participa da campanha Setembro Verde, movimento voltado \u00e0 conscientiza\u00e7\u00e3o sobre a inclus\u00e3o e os direitos das pessoas com defici\u00eancia. A iniciativa \u00e9 promovida pela Secretaria de Desenvolvimento Social e busca ampliar o acesso \u00e0 informa\u00e7\u00e3o e estimular uma reflex\u00e3o sobre a import\u00e2ncia de uma sociedade mais inclusiva e respeitosa.<\/p>\n\n\n\n<p>O Setembro Verde tem como refer\u00eancia o Dia Nacional de Luta da Pessoa com Defici\u00eancia, celebrado em 21 de setembro. A data chama a aten\u00e7\u00e3o para a necessidade de garantir que as pessoas com defici\u00eancia possam exercer seus direitos, participar da sociedade e desenvolver suas atividades com autonomia e respeito.<\/p>\n\n\n\n<p>Falar sobre inclus\u00e3o tamb\u00e9m significa compreender e combater as diferentes barreiras que podem dificultar a participa\u00e7\u00e3o das pessoas com defici\u00eancia na vida em sociedade. Al\u00e9m das quest\u00f5es relacionadas \u00e0 acessibilidade, a conscientiza\u00e7\u00e3o envolve o combate ao preconceito, o respeito \u00e0s diferen\u00e7as e a valoriza\u00e7\u00e3o da autonomia de cada pessoa.<\/p>\n\n\n\n<p>Ao longo do m\u00eas, a Secretaria de Desenvolvimento Social ir\u00e1 abordar a import\u00e2ncia dessa pauta junto \u00e0 popula\u00e7\u00e3o de Cajamar, levando informa\u00e7\u00e3o e contribuindo para ampliar o conhecimento sobre os direitos das pessoas com defici\u00eancia. O Setembro Verde refor\u00e7a a import\u00e2ncia de construir, no dia a dia, rela\u00e7\u00f5es baseadas no respeito, na igualdade e na inclus\u00e3o.<\/p>\n\n\n\n<p><\/p>\n","protected":false},"excerpt":{"rendered":"<p>Campanha da Secretaria de Desenvolvimento Social destaca a import\u00e2ncia do respeito, da acessibilidade e da participa\u00e7\u00e3o das pessoas com defici\u00eancia na sociedade<\/p>\n","protected":false},"author":11,"featured_media":0,"comment_status":"closed","ping_status":"closed","sticky":true,"template":"","format":"standard","meta":{"footnotes":""},"categories":[1,52],"tags":[],"posicao":[28],"class_list":["post-43278","post","type-post","status-publish","format-standard","hentry","category-noticias","category-desenvolvimento-social","posicao-destaque"],"_links":{"self":[{"href":"https:\/\/cajamar.sp.gov.br\/noticias\/wp-json\/wp\/v2\/posts\/43278","targetHints":{"allow":["GET"]}}],"collection":[{"href":"https:\/\/cajamar.sp.gov.br\/noticias\/wp-json\/wp\/v2\/posts"}],"about":[{"href":"https:\/\/cajamar.sp.gov.br\/noticias\/wp-json\/wp\/v2\/types\/post"}],"author":[{"embeddable":true,"href":"https:\/\/cajamar.sp.gov.br\/noticias\/wp-json\/wp\/v2\/users\/11"}],"replies":[{"embeddable":true,"href":"https:\/\/cajamar.sp.gov.br\/noticias\/wp-json\/wp\/v2\/comments?post=43278"}],"version-history":[{"count":1,"href":"https:\/\/cajamar.sp.gov.br\/noticias\/wp-json\/wp\/v2\/posts\/43278\/revisions"}],"predecessor-version":[{"id":43281,"href":"https:\/\/cajamar.sp.gov.br\/noticias\/wp-json\/wp\/v2\/posts\/43278\/revisions\/43281"}],"wp:attachment":[{"href":"https:\/\/cajamar.sp.gov.br\/noticias\/wp-json\/wp\/v2\/media?parent=43278"}],"wp:term":[{"taxonomy":"category","embeddable":true,"href":"https:\/\/cajamar.sp.gov.br\/noticias\/wp-json\/wp\/v2\/categories?post=43278"},{"taxonomy":"post_tag","embeddable":true,"href":"https:\/\/cajamar.sp.gov.br\/noticias\/wp-json\/wp\/v2\/tags?post=43278"},{"taxonomy":"posicao","embeddable":true,"href":"https:\/\/cajamar.sp.gov.br\/noticias\/wp-json\/wp\/v2\/posicao?post=43278"}],"curies":[{"name":"wp","href":"https:\/\/api.w.org\/{rel}","templated":true}]}}